{"id":9171,"date":"2026-01-26T18:38:35","date_gmt":"2026-01-26T17:38:35","guid":{"rendered":"https:\/\/colonos.it\/?p=9171"},"modified":"2026-01-28T22:49:08","modified_gmt":"2026-01-28T21:49:08","slug":"diu-indurmidit","status":"publish","type":"post","link":"https:\/\/colonos.it\/furlan\/diu-indurmidit\/","title":{"rendered":"Diu indurmid\u00eet!"},"content":{"rendered":"<p>Conference di pari <strong>Ermes Ronchi <\/strong><br \/>\nE presente <strong>Raffaella Beano<\/strong><\/p>\n<p>Mi diseve un om di Os\u00f4f: \u201cDome Diu al po salv\u00e2nus di un disastri compagn!\u201d. E chest al jere dit, magari, cu lis blestemis. Un altri vign\u00fbt dal Canada a jodi lis maseriis da la s\u00f4 cjase, vignintmi incuintri, mi veve dit: &#8220;A ch\u00ec une blesteme e covente!\u201d, e al veve dit: \u201cDiu indurmid\u00eet!\u201d E nol saveve di d\u00ee une invocazion ripetude in tancj salms. &#8230;.\u201d<br \/>\nCuss\u00ec tal 1977 al ricuardave pari Turoldo tal libri \u201cFriuli, un popolo tra le macerie\u201d, il misteri dal silenzi e da l\u2019assence di Diu devant da la tragjedie e dal m\u00e2l. Il teme al sar\u00e0 l\u2019argoment da la riflession di pari Ermes, religj\u00f4s furlan dai Servits di Marie, teolic e biblist, v\u00f4s autorevul dal mont religj\u00f4s, aut\u00f4r di cetancj libris, curad\u00f4r dal coment al Vanzeli su Rai 1. Tal 2016 al \u00e8 st\u00e2t invid\u00e2t personalmentri di Pape Francesc a tign\u00ee i esercizis spiritu\u00e2i a la Curie romane.<\/p>\n","protected":false},"excerpt":{"rendered":"<p>Conference<\/p>\n","protected":false},"author":3,"featured_media":9253,"comment_status":"open","ping_status":"open","sticky":false,"template":"","format":"standard","meta":[],"categories":[13],"tags":[],"acf":[],"_links":{"self":[{"href":"https:\/\/colonos.it\/furlan\/wp-json\/wp\/v2\/posts\/9171"}],"collection":[{"href":"https:\/\/colonos.it\/furlan\/wp-json\/wp\/v2\/posts"}],"about":[{"href":"https:\/\/colonos.it\/furlan\/wp-json\/wp\/v2\/types\/post"}],"author":[{"embeddable":true,"href":"https:\/\/colonos.it\/furlan\/wp-json\/wp\/v2\/users\/3"}],"replies":[{"embeddable":true,"href":"https:\/\/colonos.it\/furlan\/wp-json\/wp\/v2\/comments?post=9171"}],"version-history":[{"count":3,"href":"https:\/\/colonos.it\/furlan\/wp-json\/wp\/v2\/posts\/9171\/revisions"}],"predecessor-version":[{"id":9313,"href":"https:\/\/colonos.it\/furlan\/wp-json\/wp\/v2\/posts\/9171\/revisions\/9313"}],"wp:featuredmedia":[{"embeddable":true,"href":"https:\/\/colonos.it\/furlan\/wp-json\/wp\/v2\/media\/9253"}],"wp:attachment":[{"href":"https:\/\/colonos.it\/furlan\/wp-json\/wp\/v2\/media?parent=9171"}],"wp:term":[{"taxonomy":"category","embeddable":true,"href":"https:\/\/colonos.it\/furlan\/wp-json\/wp\/v2\/categories?post=9171"},{"taxonomy":"post_tag","embeddable":true,"href":"https:\/\/colonos.it\/furlan\/wp-json\/wp\/v2\/tags?post=9171"}],"curies":[{"name":"wp","href":"https:\/\/api.w.org\/{rel}","templated":true}]}}