{"id":8901,"date":"2025-10-24T00:07:58","date_gmt":"2025-10-23T22:07:58","guid":{"rendered":"https:\/\/colonos.it\/?p=8901"},"modified":"2025-10-24T00:07:58","modified_gmt":"2025-10-23T22:07:58","slug":"la-casa-con-i-baffi","status":"publish","type":"post","link":"https:\/\/colonos.it\/furlan\/la-casa-con-i-baffi\/","title":{"rendered":"La casa con i baffi"},"content":{"rendered":"<p>Presentazion di un gn\u00fbf libri<br \/>\nEdizion dal <strong>Circul Menocchio<\/strong><\/p>\n<p>cun <strong>Aldo Colonnello<\/strong> &#8211; <strong>Pierluigi Cappello<\/strong> &#8211; <strong>Stefano Montello<\/strong><\/p>\n<p>&#8220;Mi poi su lis pontis dai pits, o podar\u00e8s tenta di svol\u00e2; la gnot e je cussi plene di bonod\u00f4rs che cul gno svol o podar\u00e8s gratificant la bielece. Svol\u00e2 al \u00e8 un paradigme. L&#8217;incjant e il desideri di pod\u00easi cjal\u00e2, di cjal\u00e2 il mont da l&#8217;alt e di vent clars i confins e gjoldi lis sfumaduris.<br \/>\nSint\u00eesi bess\u00f4i e no v\u00ea p\u00f4re. Parc\u00e8 che l&#8217;abis al \u00e8 alt, sore dai n\u00fbi, impussibil di razunzi&#8221;.<\/p>\n","protected":false},"excerpt":{"rendered":"<p>Presentazion<\/p>\n","protected":false},"author":3,"featured_media":0,"comment_status":"open","ping_status":"open","sticky":false,"template":"","format":"standard","meta":[],"categories":[13],"tags":[],"acf":[],"_links":{"self":[{"href":"https:\/\/colonos.it\/furlan\/wp-json\/wp\/v2\/posts\/8901"}],"collection":[{"href":"https:\/\/colonos.it\/furlan\/wp-json\/wp\/v2\/posts"}],"about":[{"href":"https:\/\/colonos.it\/furlan\/wp-json\/wp\/v2\/types\/post"}],"author":[{"embeddable":true,"href":"https:\/\/colonos.it\/furlan\/wp-json\/wp\/v2\/users\/3"}],"replies":[{"embeddable":true,"href":"https:\/\/colonos.it\/furlan\/wp-json\/wp\/v2\/comments?post=8901"}],"version-history":[{"count":1,"href":"https:\/\/colonos.it\/furlan\/wp-json\/wp\/v2\/posts\/8901\/revisions"}],"predecessor-version":[{"id":8902,"href":"https:\/\/colonos.it\/furlan\/wp-json\/wp\/v2\/posts\/8901\/revisions\/8902"}],"wp:attachment":[{"href":"https:\/\/colonos.it\/furlan\/wp-json\/wp\/v2\/media?parent=8901"}],"wp:term":[{"taxonomy":"category","embeddable":true,"href":"https:\/\/colonos.it\/furlan\/wp-json\/wp\/v2\/categories?post=8901"},{"taxonomy":"post_tag","embeddable":true,"href":"https:\/\/colonos.it\/furlan\/wp-json\/wp\/v2\/tags?post=8901"}],"curies":[{"name":"wp","href":"https:\/\/api.w.org\/{rel}","templated":true}]}}