{"id":8881,"date":"2025-10-23T23:48:01","date_gmt":"2025-10-23T21:48:01","guid":{"rendered":"https:\/\/colonos.it\/?p=8881"},"modified":"2025-10-23T23:49:20","modified_gmt":"2025-10-23T21:49:20","slug":"mascara-e-smascara-la-tradizion","status":"publish","type":"post","link":"https:\/\/colonos.it\/furlan\/mascara-e-smascara-la-tradizion\/","title":{"rendered":"Mascar\u00e2 e smascar\u00e2 la tradizion"},"content":{"rendered":"<p>Proiezion dal video &#8220;Appunti di viaggio fra le maschere dell&#8217;arco alpino orientale dal Cadore all\u2019Istria&#8221;<\/p>\n<p>Intervents di <strong>Robert Dapit<\/strong> e <strong>Gianpaolo Gri<\/strong><\/p>\n<p>Crostolade in companie <\/p>\n<p>In tancj pa\u00ees la companie dai zovins in mascare, vu\u00ea come une volte, a traviers da la musiche e dal bal e f\u00e2s torn\u00e2 adun la l\u00f4r comunit\u00e2t.<br \/>\nAncje altris ritu\u00e2i, altris aspiets da la tradizion a \u00e0n torn\u00e2t a cjata vig\u00f4r e motivazions gnovis.<br \/>\nBandon, mudament, tutele, gnove propueste: tal Fri\u00fbl dal tart N\u00fbfcent si son incrosadis sburtadis contraditoriis. Ce cjarte ise stade, ce cjarte puedie jessi ch\u00ea da la tradizion: un scartin o une briscule?<\/p>\n","protected":false},"excerpt":{"rendered":"<p>Proiezion<\/p>\n","protected":false},"author":3,"featured_media":0,"comment_status":"open","ping_status":"open","sticky":false,"template":"","format":"standard","meta":[],"categories":[13],"tags":[],"acf":[],"_links":{"self":[{"href":"https:\/\/colonos.it\/furlan\/wp-json\/wp\/v2\/posts\/8881"}],"collection":[{"href":"https:\/\/colonos.it\/furlan\/wp-json\/wp\/v2\/posts"}],"about":[{"href":"https:\/\/colonos.it\/furlan\/wp-json\/wp\/v2\/types\/post"}],"author":[{"embeddable":true,"href":"https:\/\/colonos.it\/furlan\/wp-json\/wp\/v2\/users\/3"}],"replies":[{"embeddable":true,"href":"https:\/\/colonos.it\/furlan\/wp-json\/wp\/v2\/comments?post=8881"}],"version-history":[{"count":2,"href":"https:\/\/colonos.it\/furlan\/wp-json\/wp\/v2\/posts\/8881\/revisions"}],"predecessor-version":[{"id":8883,"href":"https:\/\/colonos.it\/furlan\/wp-json\/wp\/v2\/posts\/8881\/revisions\/8883"}],"wp:attachment":[{"href":"https:\/\/colonos.it\/furlan\/wp-json\/wp\/v2\/media?parent=8881"}],"wp:term":[{"taxonomy":"category","embeddable":true,"href":"https:\/\/colonos.it\/furlan\/wp-json\/wp\/v2\/categories?post=8881"},{"taxonomy":"post_tag","embeddable":true,"href":"https:\/\/colonos.it\/furlan\/wp-json\/wp\/v2\/tags?post=8881"}],"curies":[{"name":"wp","href":"https:\/\/api.w.org\/{rel}","templated":true}]}}