{"id":8874,"date":"2025-10-23T23:44:30","date_gmt":"2025-10-23T21:44:30","guid":{"rendered":"https:\/\/colonos.it\/?p=8874"},"modified":"2025-10-23T23:44:30","modified_gmt":"2025-10-23T21:44:30","slug":"altri-viers","status":"publish","type":"post","link":"https:\/\/colonos.it\/furlan\/altri-viers\/","title":{"rendered":"Altri\/viers"},"content":{"rendered":"<p>mostre di <strong>Nane Zavagno<\/strong> e <strong>Michele Bazzana<\/strong><br \/>\npar cure di <strong>Angelo Bertani<\/strong><\/p>\n<p>Inaugurazion e incuintri public cui artiscj<\/p>\n<p>La capacit\u00e2t di costru\u00ee cun metodi, cun maestrie e cun dute la sapience di un f\u00e2 che al sa rignuvisi e d\u00e1 vite a gnovis formis: cheste e je la cualit\u00e2t prime da la art di Nane Zavagno.<br \/>\nL&#8217;\u00fbs da la tecnologjie par fins poetics, ironics e paradoss\u00e2i: chest al \u00e8 invezit il caratar princip\u00e2l da la art di Michele Bazzana.<br \/>\nUne mostre, doi artiscj, d\u00f4s manieris cetant diviersis di svicinasi a la opare, che a son dut c\u00e2s une vore significativis di d\u00f4s tindincis centrals da la art da la seconde met\u00e2t dal N\u00fbfcent: ch\u00ea che e va di lune a erodi inta la unit\u00e2t classiche da la forme e ch\u00ea decisementri cuintriclassiche che e vi\u00f4t propit inta la eterogjenit\u00e2t e inta la sclese la essence da la s\u00f4 ricercje.<br \/>\nNane Zavagno, stuarzint cualchi fuee di alumini o fasint su rosons cui claps blancs dal flum, al \u00e0 savut proponi formis gnovis, ineditis, di un val\u00f4r form\u00e4l ben salt che a son, dut c\u00e2s, ancje archetipichis e finementri evocativis di une sensibilit\u00e2t naturalistiche.<br \/>\nMichele Bazzana, al contrari, doprant pi\u00e7ulis cautelis tecnologjichis. al a savolt\u00e2t lis finalit\u00e2ts da la stesse tecnologjie secont un procediment dul\u00e0 che la entropie, simpri in vuate, nus met in avertence e nus d\u00ees che in font la art no je, tant che e somee, un z\u00fbc.<br \/>\nDoi artiscj. doi m\u00fbts par l\u00e0 &#8220;viers&#8221; di ce che al \u00e8 \u201caltri&#8221;, ce che nus separe par un moment da la paronance barbare da la cuantit\u00e2t.<br \/>\n(Angelo Bertani)<\/p>\n","protected":false},"excerpt":{"rendered":"<p>Mostre<\/p>\n","protected":false},"author":3,"featured_media":0,"comment_status":"open","ping_status":"open","sticky":false,"template":"","format":"standard","meta":[],"categories":[13],"tags":[],"acf":[],"_links":{"self":[{"href":"https:\/\/colonos.it\/furlan\/wp-json\/wp\/v2\/posts\/8874"}],"collection":[{"href":"https:\/\/colonos.it\/furlan\/wp-json\/wp\/v2\/posts"}],"about":[{"href":"https:\/\/colonos.it\/furlan\/wp-json\/wp\/v2\/types\/post"}],"author":[{"embeddable":true,"href":"https:\/\/colonos.it\/furlan\/wp-json\/wp\/v2\/users\/3"}],"replies":[{"embeddable":true,"href":"https:\/\/colonos.it\/furlan\/wp-json\/wp\/v2\/comments?post=8874"}],"version-history":[{"count":1,"href":"https:\/\/colonos.it\/furlan\/wp-json\/wp\/v2\/posts\/8874\/revisions"}],"predecessor-version":[{"id":8875,"href":"https:\/\/colonos.it\/furlan\/wp-json\/wp\/v2\/posts\/8874\/revisions\/8875"}],"wp:attachment":[{"href":"https:\/\/colonos.it\/furlan\/wp-json\/wp\/v2\/media?parent=8874"}],"wp:term":[{"taxonomy":"category","embeddable":true,"href":"https:\/\/colonos.it\/furlan\/wp-json\/wp\/v2\/categories?post=8874"},{"taxonomy":"post_tag","embeddable":true,"href":"https:\/\/colonos.it\/furlan\/wp-json\/wp\/v2\/tags?post=8874"}],"curies":[{"name":"wp","href":"https:\/\/api.w.org\/{rel}","templated":true}]}}