{"id":8869,"date":"2025-10-23T23:38:42","date_gmt":"2025-10-23T21:38:42","guid":{"rendered":"https:\/\/colonos.it\/?p=8869"},"modified":"2025-10-24T00:12:08","modified_gmt":"2025-10-23T22:12:08","slug":"int-e-istituzions-tal-taramot","status":"publish","type":"post","link":"https:\/\/colonos.it\/furlan\/int-e-istituzions-tal-taramot\/","title":{"rendered":"Int e istituzions tal taramot"},"content":{"rendered":"<p>cun <strong>Remo Cacitti<\/strong> e <strong>Franceschino Barazzutti<\/strong><br \/>\nIntervent in poesie di <strong>Amedeo Giacomini<\/strong><br \/>\nAl piano <strong>Claudio Cojaniz<\/strong><\/p>\n<p>Il taramot al \u00e0 dade une scjassade ancje al rapuart dal om cu la s\u00f4 storie, la s\u00f4 tiere, la s\u00f4 culture, svilupant ta lis comunit\u00e2ts une esigjence profonde di partecipazion e une fuarte cjarie progjetu\u00e2l.<br \/>\n&#8220;Ta l&#8217;arc di cjera smota dal Fri\u00fbl, ch&#8217;a va da Civid\u00e2t a Mani\u00e0, a era int sot il c\u00eel restada cen\u00e7a cjasa e cen\u00e7a doman. Disperada, a si \u00e8 cjalada ator, dopo di vei va\u00eet e soter\u00e2t i muarts.<br \/>\nE ta confusion a \u00e0 riconoss\u00fbt, l\u00ec sul puest, il so vecjo Comun, version moderna dal antic st\u00e2 insiema ta vicinia. A si son abra\u00e7\u00e2ts. E, tignintsi pa man a \u00e0n cjamin\u00e2t insimit da Mani\u00e0 a Civid\u00e2t, passant pa Cjargna, tirant s\u00f9 cjasa, pa\u00ees e il Fri\u00fbl&#8221;.<br \/>\n(F. Barazzutti)<\/p>\n","protected":false},"excerpt":{"rendered":"<p>Incuintri<\/p>\n","protected":false},"author":3,"featured_media":0,"comment_status":"open","ping_status":"open","sticky":false,"template":"","format":"standard","meta":[],"categories":[13],"tags":[],"acf":[],"_links":{"self":[{"href":"https:\/\/colonos.it\/furlan\/wp-json\/wp\/v2\/posts\/8869"}],"collection":[{"href":"https:\/\/colonos.it\/furlan\/wp-json\/wp\/v2\/posts"}],"about":[{"href":"https:\/\/colonos.it\/furlan\/wp-json\/wp\/v2\/types\/post"}],"author":[{"embeddable":true,"href":"https:\/\/colonos.it\/furlan\/wp-json\/wp\/v2\/users\/3"}],"replies":[{"embeddable":true,"href":"https:\/\/colonos.it\/furlan\/wp-json\/wp\/v2\/comments?post=8869"}],"version-history":[{"count":3,"href":"https:\/\/colonos.it\/furlan\/wp-json\/wp\/v2\/posts\/8869\/revisions"}],"predecessor-version":[{"id":8906,"href":"https:\/\/colonos.it\/furlan\/wp-json\/wp\/v2\/posts\/8869\/revisions\/8906"}],"wp:attachment":[{"href":"https:\/\/colonos.it\/furlan\/wp-json\/wp\/v2\/media?parent=8869"}],"wp:term":[{"taxonomy":"category","embeddable":true,"href":"https:\/\/colonos.it\/furlan\/wp-json\/wp\/v2\/categories?post=8869"},{"taxonomy":"post_tag","embeddable":true,"href":"https:\/\/colonos.it\/furlan\/wp-json\/wp\/v2\/tags?post=8869"}],"curies":[{"name":"wp","href":"https:\/\/api.w.org\/{rel}","templated":true}]}}