{"id":8859,"date":"2025-10-23T23:30:08","date_gmt":"2025-10-23T21:30:08","guid":{"rendered":"https:\/\/colonos.it\/?p=8859"},"modified":"2025-10-23T23:31:59","modified_gmt":"2025-10-23T21:31:59","slug":"paisac-e-paisacs-tal-friul-da-la-modernitat","status":"publish","type":"post","link":"https:\/\/colonos.it\/furlan\/paisac-e-paisacs-tal-friul-da-la-modernitat\/","title":{"rendered":"Paisa\u00e7 e paisa\u00e7s tal Fri\u00fbl da la modernit\u00e2t"},"content":{"rendered":"<p>cun <strong>Mauro Pascolini<\/strong> e <strong>Mario Turello<\/strong><br \/>\nLeturis par cure di <strong>Tullia De Cecco<\/strong><br \/>\nAl piano <strong>Claudio Cojaniz<\/strong><br \/>\n<strong><br \/>\n<em>Linea di identit\u00e0<\/em><\/strong><br \/>\nmostre fotografiche di <strong>Luca Laureati<\/strong><br \/>\n(sot da la loze)<\/p>\n<p>A traviers di une leture da lis trasformazions dal paisa\u00e7 cultur\u00e2l dal Fri\u00fbl di dopo la vuere al \u00e8 pussibil cap\u00ee i grancj mudaments da la societ\u00e2t furlane che, tal z\u00eer di p\u00f4cs agns, di contadine che e jere e \u00e0 cjap\u00e2t s\u00f9 i caratars da la modernit\u00e2t, se no adiriture chei da la post-modernit\u00e2t.<br \/>\nUn via\u00e7 tal aspiet di une tiere che e alterne i segn\u00e2i di un paisa\u00e7 che al \u00e8 la risulte di modei organizat\u00eefs origin\u00e2i a segn\u00e2i di un paisa\u00e7 che al \u00e8 il costrut di necessit\u00e2ts individuals o la risulte di modei forescj.<br \/>\nIl paisa\u00e7, che prin al jere funzion\u00e2l e coletif, cum\u00f2 al devente irazional e individu\u00e2l.<\/p>\n","protected":false},"excerpt":{"rendered":"<p>Incuintri e mostre<\/p>\n","protected":false},"author":3,"featured_media":0,"comment_status":"open","ping_status":"open","sticky":false,"template":"","format":"standard","meta":[],"categories":[13],"tags":[],"acf":[],"_links":{"self":[{"href":"https:\/\/colonos.it\/furlan\/wp-json\/wp\/v2\/posts\/8859"}],"collection":[{"href":"https:\/\/colonos.it\/furlan\/wp-json\/wp\/v2\/posts"}],"about":[{"href":"https:\/\/colonos.it\/furlan\/wp-json\/wp\/v2\/types\/post"}],"author":[{"embeddable":true,"href":"https:\/\/colonos.it\/furlan\/wp-json\/wp\/v2\/users\/3"}],"replies":[{"embeddable":true,"href":"https:\/\/colonos.it\/furlan\/wp-json\/wp\/v2\/comments?post=8859"}],"version-history":[{"count":2,"href":"https:\/\/colonos.it\/furlan\/wp-json\/wp\/v2\/posts\/8859\/revisions"}],"predecessor-version":[{"id":8861,"href":"https:\/\/colonos.it\/furlan\/wp-json\/wp\/v2\/posts\/8859\/revisions\/8861"}],"wp:attachment":[{"href":"https:\/\/colonos.it\/furlan\/wp-json\/wp\/v2\/media?parent=8859"}],"wp:term":[{"taxonomy":"category","embeddable":true,"href":"https:\/\/colonos.it\/furlan\/wp-json\/wp\/v2\/categories?post=8859"},{"taxonomy":"post_tag","embeddable":true,"href":"https:\/\/colonos.it\/furlan\/wp-json\/wp\/v2\/tags?post=8859"}],"curies":[{"name":"wp","href":"https:\/\/api.w.org\/{rel}","templated":true}]}}