{"id":8840,"date":"2025-10-23T20:27:00","date_gmt":"2025-10-23T18:27:00","guid":{"rendered":"https:\/\/colonos.it\/?p=8840"},"modified":"2025-10-23T20:30:38","modified_gmt":"2025-10-23T18:30:38","slug":"tor-di-zuin-e-la-utopie-fassiste","status":"publish","type":"post","link":"https:\/\/colonos.it\/furlan\/tor-di-zuin-e-la-utopie-fassiste\/","title":{"rendered":"Tor di Zuin e la utopie fassiste"},"content":{"rendered":"<p>a Torviscose<\/p>\n<p>h 11.00 \u203a <strong>Fabiano Fantini<\/strong> al interprete<br \/>\n&#8220;Il poema di Torviscosa&#8221; di F.T. Marinetti<\/p>\n<p>Relazion di <strong>Alessandro Bassi<\/strong> e <strong>Matteo D\u2019Antoni<\/strong>,<br \/>\naut\u00f4rs da la ricercje: &#8220;Utopia fascista in Friuli-Venezia Giulia&#8221;<\/p>\n<p>h 12.00 \u203a Visite dal CID &#8211; Museu teritorial da la Basse furlane<br \/>\ncun <strong>Gianna Ganis<\/strong><\/p>\n<p>h 13.00 \u203a Ghiringhel futurist<br \/>\nSi guste tal Museu<\/p>\n<p>h 14.30 \u203a Visite guidade da la cit\u00e2t di Torviscose<\/p>\n<p>Biliet di jentrade tal museu: 2 Euros (gratis pai socis)<br \/>\nCost dal gust\u00e2: 20 euros<br \/>\nSi \u00e0 di prenot\u00e2si prin dal 8 di Mar\u00e7, telefonant al 339 3123196<\/p>\n<p>Il studi che Alessandro Bassi e Matteo D&#8217;Antoni a \u00e0n present\u00e2t pal esam di Inzegnerie dal Teritori tal 2004 ta la Universit\u00e2t dal Fri\u00fbl, al scrutine la utopie da la ete fassiste inta la suaze urbanistiche, cuntun voli particol\u00e2r al Fri\u00fbl-Vignesie Julie. Si cjapin dentri diviers elements, che a van da lis Avanguardiis leterariis e artistichis dal prin N\u00fbfcent fintremai a lis voris dal venten\u00e2l fassist e al concet di utopie, che al ven utiliz\u00e2t tant che cl\u00e2f di leture des realizazions plui impuartantis di chei agns, metint a f\u00fbc massime il c\u00e2s furlan di &#8220;Torviscose&#8221;. In di di vu\u00ea, cheste cit\u00e2t-fabriche, che la s\u00f4 memorie storiche e je plui vive ancje in gracie da la storie contade intun museu d\u00e2t dongje di pueste, e je un c\u00e2s esempl\u00e2r e problematic di archeologjie industrial, in belance jenfri il p\u00eas dal pass\u00e2t e la inciertece dal so fut\u00fbr.<\/p>\n","protected":false},"excerpt":{"rendered":"<p>Escursion cultur\u00e2l<\/p>\n","protected":false},"author":3,"featured_media":0,"comment_status":"open","ping_status":"open","sticky":false,"template":"","format":"standard","meta":[],"categories":[13],"tags":[],"acf":[],"_links":{"self":[{"href":"https:\/\/colonos.it\/furlan\/wp-json\/wp\/v2\/posts\/8840"}],"collection":[{"href":"https:\/\/colonos.it\/furlan\/wp-json\/wp\/v2\/posts"}],"about":[{"href":"https:\/\/colonos.it\/furlan\/wp-json\/wp\/v2\/types\/post"}],"author":[{"embeddable":true,"href":"https:\/\/colonos.it\/furlan\/wp-json\/wp\/v2\/users\/3"}],"replies":[{"embeddable":true,"href":"https:\/\/colonos.it\/furlan\/wp-json\/wp\/v2\/comments?post=8840"}],"version-history":[{"count":2,"href":"https:\/\/colonos.it\/furlan\/wp-json\/wp\/v2\/posts\/8840\/revisions"}],"predecessor-version":[{"id":8842,"href":"https:\/\/colonos.it\/furlan\/wp-json\/wp\/v2\/posts\/8840\/revisions\/8842"}],"wp:attachment":[{"href":"https:\/\/colonos.it\/furlan\/wp-json\/wp\/v2\/media?parent=8840"}],"wp:term":[{"taxonomy":"category","embeddable":true,"href":"https:\/\/colonos.it\/furlan\/wp-json\/wp\/v2\/categories?post=8840"},{"taxonomy":"post_tag","embeddable":true,"href":"https:\/\/colonos.it\/furlan\/wp-json\/wp\/v2\/tags?post=8840"}],"curies":[{"name":"wp","href":"https:\/\/api.w.org\/{rel}","templated":true}]}}