{"id":8832,"date":"2025-10-23T20:18:27","date_gmt":"2025-10-23T18:18:27","guid":{"rendered":"https:\/\/colonos.it\/?p=8832"},"modified":"2025-10-23T20:19:49","modified_gmt":"2025-10-23T18:19:49","slug":"ment-local","status":"publish","type":"post","link":"https:\/\/colonos.it\/furlan\/ment-local\/","title":{"rendered":"Ment loc\u00e2l"},"content":{"rendered":"<p><strong>Margherita Mattiussi<\/strong>, autore da la ricercje &#8220;La mia terra&#8221;<br \/>\n<strong>Franco La Cecla<\/strong>, antropolic e docent ta la Universit\u00e2t di Vignesie<br \/>\nMusichis di ghitare <strong>Francesco Nigris<\/strong><\/p>\n<p>Tal 2005 Margherita Mattiussi e \u00e0 fat une ricercje ta la Universitat di Vignesie IUAV, dul\u00e0 che e \u00e0 adat\u00e2t al so paisut la teorie da la &#8220;ment loc\u00e2l&#8221; elaborade dal antropolic<br \/>\nFranco La Cecla. La vore e consist intune racuelte di fotografiis e imagjinis, che a ilustrin l&#8217;imagjinari coletif da la comunit\u00e2t di Savoneles cun riferiment al spazi viv\u00fbt, sot la l\u00fbs di cualchi principi tant che: &#8220;la forme di un insediament e je une costruzion cultur\u00e2l, une mape ment\u00e2l che dome i abitants a son bogns di tigni in vite &#8211; Tantis voltis la &#8220;ment loc\u00e2l&#8221; e conserve formis che a son discomparidis, ma a tegnin s\u00f9 une lentece che lis rint ponts di riferiment ancjem\u00f2 necessaris &#8211; Ogni insediament al ven insed\u00e2t no dome tun circunscrivi, ma ancje intun pe\u00e2 al cosmi int\u00eer\u201d.<\/p>\n","protected":false},"excerpt":{"rendered":"<p>Incuintri<\/p>\n","protected":false},"author":3,"featured_media":0,"comment_status":"open","ping_status":"open","sticky":false,"template":"","format":"standard","meta":[],"categories":[13],"tags":[],"acf":[],"_links":{"self":[{"href":"https:\/\/colonos.it\/furlan\/wp-json\/wp\/v2\/posts\/8832"}],"collection":[{"href":"https:\/\/colonos.it\/furlan\/wp-json\/wp\/v2\/posts"}],"about":[{"href":"https:\/\/colonos.it\/furlan\/wp-json\/wp\/v2\/types\/post"}],"author":[{"embeddable":true,"href":"https:\/\/colonos.it\/furlan\/wp-json\/wp\/v2\/users\/3"}],"replies":[{"embeddable":true,"href":"https:\/\/colonos.it\/furlan\/wp-json\/wp\/v2\/comments?post=8832"}],"version-history":[{"count":2,"href":"https:\/\/colonos.it\/furlan\/wp-json\/wp\/v2\/posts\/8832\/revisions"}],"predecessor-version":[{"id":8834,"href":"https:\/\/colonos.it\/furlan\/wp-json\/wp\/v2\/posts\/8832\/revisions\/8834"}],"wp:attachment":[{"href":"https:\/\/colonos.it\/furlan\/wp-json\/wp\/v2\/media?parent=8832"}],"wp:term":[{"taxonomy":"category","embeddable":true,"href":"https:\/\/colonos.it\/furlan\/wp-json\/wp\/v2\/categories?post=8832"},{"taxonomy":"post_tag","embeddable":true,"href":"https:\/\/colonos.it\/furlan\/wp-json\/wp\/v2\/tags?post=8832"}],"curies":[{"name":"wp","href":"https:\/\/api.w.org\/{rel}","templated":true}]}}