{"id":8654,"date":"2025-07-12T08:38:40","date_gmt":"2025-07-12T06:38:40","guid":{"rendered":"https:\/\/colonos.it\/?p=8654"},"modified":"2025-07-13T23:26:38","modified_gmt":"2025-07-13T21:26:38","slug":"oltris-cjala-di-la-da-lis-robis","status":"publish","type":"post","link":"https:\/\/colonos.it\/furlan\/oltris-cjala-di-la-da-lis-robis\/","title":{"rendered":"Oltris. Cjal\u00e2 di l\u00e0 da lis robis"},"content":{"rendered":"<p><span style=\"font-size: 22px;\">Mostre coletive di art contemporanie<\/span><\/p>\n<p>Oparis di: <strong>Matteo Attruia<\/strong> &#8211; <strong>Michele Bazzana<\/strong> &#8211; <strong>Ludovico Bomben<\/strong> &#8211; <strong>Elio Caredda<\/strong> &#8211; <strong>Elio Ciol<\/strong> &#8211; <strong>Sergio Cocetta<\/strong> (<strong>Cid<\/strong>) &#8211; <strong>Beppino de Cesco<\/strong> &#8211; <strong>Riccardo De Marchi<\/strong> &#8211; <strong>Danilo De Marco<\/strong> &#8211; <strong>Roberto Kusterle<\/strong> &#8211; <strong>Tito Maniacco<\/strong> &#8211; <strong>Lorenzo Mattotti<\/strong> &#8211; <strong>Manuela Sedmach<\/strong> &#8211; <strong>Nicola Toffolini<\/strong><\/p>\n<p>Al \u00e8 un limit apene percepibil ch\u2019al segne i confins da l\u2019esperience dal om: al sbrisse vie sul \u00f4r da lis robis, si plate tal scori lent da lis oris, tal l\u00f4r disf\u00e2si che lis consume consumantnus in l\u00f4r, al cor i sgrisui da lis stagjons, dai l\u00f4r profums di od\u00f4r, o si incalme sul amont dal d\u00ec, fin dentri dal resp\u00eer da la gnot, ch\u2019al sa di claris brus\u00e2ts e di fen apene cjap\u00e2t s\u00f9. E je la dimension da la trassendence. Il cjal\u00e2 di l\u00e0 da lis robis. Il troi ch\u2019al mene a \u201cOltris\u201d.<br \/>\nCjap\u00e2ts da la conturbie da la ricercje vignude da la l\u00f4r peregrinazion, i aut\u00f4rs che ach\u00ec a cjantin i l\u00f4r straniaments a cjatin un sens misteri\u00f4s e plat\u00e2t da la l\u00f4r sperimentazion trasfigurant  ta la forme e tal col\u00f4r. Il misteri ch\u2019a van a cir\u00ee e che ju f\u00e2s malcuiets in perpetui \u2013 l\u2019origjin da l\u2019Art  e da la s\u00f4 ispirazion \u2013 si plate jenfri lis pleis di une vite dul\u00e0 che la bielece, la magjie, il timp e l\u2019esperience si confondin intun foran univers\u00e2l di sens e di deliris cjat\u00e2ts tal l\u00f4r madressiment dal l\u00f4r sclop\u00e2 prossim e inevitabil, che dut al confont e al feconde, come cuant ch\u2019e sclope une stele o a tornin a cre\u00e2si monts gn\u00fbfs.<br \/>\n(Angelo Floramo)<\/p>\n<p>Mostre vierte intant di Avostanis<\/p>\n","protected":false},"excerpt":{"rendered":"<p>Mostre<\/p>\n","protected":false},"author":3,"featured_media":0,"comment_status":"open","ping_status":"open","sticky":false,"template":"","format":"standard","meta":[],"categories":[13],"tags":[],"acf":[],"_links":{"self":[{"href":"https:\/\/colonos.it\/furlan\/wp-json\/wp\/v2\/posts\/8654"}],"collection":[{"href":"https:\/\/colonos.it\/furlan\/wp-json\/wp\/v2\/posts"}],"about":[{"href":"https:\/\/colonos.it\/furlan\/wp-json\/wp\/v2\/types\/post"}],"author":[{"embeddable":true,"href":"https:\/\/colonos.it\/furlan\/wp-json\/wp\/v2\/users\/3"}],"replies":[{"embeddable":true,"href":"https:\/\/colonos.it\/furlan\/wp-json\/wp\/v2\/comments?post=8654"}],"version-history":[{"count":8,"href":"https:\/\/colonos.it\/furlan\/wp-json\/wp\/v2\/posts\/8654\/revisions"}],"predecessor-version":[{"id":8690,"href":"https:\/\/colonos.it\/furlan\/wp-json\/wp\/v2\/posts\/8654\/revisions\/8690"}],"wp:attachment":[{"href":"https:\/\/colonos.it\/furlan\/wp-json\/wp\/v2\/media?parent=8654"}],"wp:term":[{"taxonomy":"category","embeddable":true,"href":"https:\/\/colonos.it\/furlan\/wp-json\/wp\/v2\/categories?post=8654"},{"taxonomy":"post_tag","embeddable":true,"href":"https:\/\/colonos.it\/furlan\/wp-json\/wp\/v2\/tags?post=8654"}],"curies":[{"name":"wp","href":"https:\/\/api.w.org\/{rel}","templated":true}]}}