{"id":8520,"date":"2025-07-12T09:30:54","date_gmt":"2025-07-12T07:30:54","guid":{"rendered":"https:\/\/colonos.it\/?p=8520"},"modified":"2025-10-06T19:41:10","modified_gmt":"2025-10-06T17:41:10","slug":"stin-dongje-ae-patrie","status":"publish","type":"post","link":"https:\/\/colonos.it\/furlan\/stin-dongje-ae-patrie\/","title":{"rendered":"\u201cStin dongje ae Patrie\u201d"},"content":{"rendered":"<p><span style=\"font-size: 18px;\">Buine musiche, performances creativis e cualchi utile riflession<br \/>\nMoment convivi\u00e2l<\/span><\/p>\n<p><strong>Tullio Avoledo<\/strong>, <strong>Andrea Del Favero<\/strong>, <strong>I &#8220;Bardi&#8221; di San Mich\u00eal dal Tiliment<\/strong>, <strong>Agnul Floramo<\/strong>, <strong>Grop Folcloristic &#8220;M.Grion<\/strong>&#8221; di Caprive. L&#8217;<strong>Associazion Sportive Furlane pe Nazion\u00e2l di Balon<\/strong>, i at\u00f4rs <strong>Carlotta Del Bianco<\/strong> e <strong>Maurizio Mattiuzza<\/strong>, <strong>Livio Semoli\u010d<\/strong> (SKGZ), <strong>Guido Germano Pettarin<\/strong> (Societ\u00e2t Filologjiche di Gurize), <strong>Laurin Zuan Nardin<\/strong>, <strong>Leo Virgili<\/strong> e <strong>Nicole Coceancig<\/strong><\/p>\n<p>Par cure di &#8220;Clape di culture Patrie d\u00e2l Fri\u00fbl APS&#8221;<\/p>\n<p>Cuatri agns inda\u00fbr al Teatri San Zor\u00e7 di Udin cualchi musicist, at\u00f4r e scrit\u00f4r a vevin vol\u00fbt pandi la l\u00f4r vicinance a &#8220;La Patrie dal Fri\u00fbl&#8221;, il storic mens\u00eel in lenghe furlane fond\u00e2t tal 1946 di pre Bepo Marchet e di simpri simbul da la batae identitarie dal popul furlan. L&#8217;an pass\u00e2t si \u00e0 decid\u00fbt di spost\u00e2 l&#8217;event ai Colonos, calcolant che chest puest, par chel ch&#8217;al \u00e0 d\u00e2t a la cussience e a la cognossince dal Fri\u00fbl, al rapresent\u00e0s la sede ide\u00e2l par une gnove esperience da la manifestazion. Ancje l&#8217;incuintri di chest an al sar\u00e0 un moment di fieste, tra culture e convivialit\u00e2t. Cun di plui e sar\u00e0 une ocasion di incuintri e di scambi di esperiencis tra associazions e personis impegnadis pal Fri\u00fbl.<\/p>\n","protected":false},"excerpt":{"rendered":"<p>Fieste da la Patrie dal Fri\u00fbl <\/p>\n","protected":false},"author":3,"featured_media":8585,"comment_status":"open","ping_status":"open","sticky":false,"template":"","format":"standard","meta":[],"categories":[13],"tags":[],"acf":[],"_links":{"self":[{"href":"https:\/\/colonos.it\/furlan\/wp-json\/wp\/v2\/posts\/8520"}],"collection":[{"href":"https:\/\/colonos.it\/furlan\/wp-json\/wp\/v2\/posts"}],"about":[{"href":"https:\/\/colonos.it\/furlan\/wp-json\/wp\/v2\/types\/post"}],"author":[{"embeddable":true,"href":"https:\/\/colonos.it\/furlan\/wp-json\/wp\/v2\/users\/3"}],"replies":[{"embeddable":true,"href":"https:\/\/colonos.it\/furlan\/wp-json\/wp\/v2\/comments?post=8520"}],"version-history":[{"count":7,"href":"https:\/\/colonos.it\/furlan\/wp-json\/wp\/v2\/posts\/8520\/revisions"}],"predecessor-version":[{"id":8783,"href":"https:\/\/colonos.it\/furlan\/wp-json\/wp\/v2\/posts\/8520\/revisions\/8783"}],"wp:featuredmedia":[{"embeddable":true,"href":"https:\/\/colonos.it\/furlan\/wp-json\/wp\/v2\/media\/8585"}],"wp:attachment":[{"href":"https:\/\/colonos.it\/furlan\/wp-json\/wp\/v2\/media?parent=8520"}],"wp:term":[{"taxonomy":"category","embeddable":true,"href":"https:\/\/colonos.it\/furlan\/wp-json\/wp\/v2\/categories?post=8520"},{"taxonomy":"post_tag","embeddable":true,"href":"https:\/\/colonos.it\/furlan\/wp-json\/wp\/v2\/tags?post=8520"}],"curies":[{"name":"wp","href":"https:\/\/api.w.org\/{rel}","templated":true}]}}