{"id":8513,"date":"2025-07-12T09:36:24","date_gmt":"2025-07-12T07:36:24","guid":{"rendered":"https:\/\/colonos.it\/?p=8513"},"modified":"2025-10-06T20:03:29","modified_gmt":"2025-10-06T18:03:29","slug":"a-brene-vierte-6","status":"publish","type":"post","link":"https:\/\/colonos.it\/furlan\/a-brene-vierte-6\/","title":{"rendered":"A brene vierte"},"content":{"rendered":"<p><span style=\"color: #ff0000;\">Event rimand\u00e2t a sabide ai 13 di Setembar<\/span><\/p>\n<p><span style=\"font-size: 22px;\">Gare artistiche<\/span><\/p>\n<p>Partecipazion di <strong>Giovanni Boscolo<\/strong> e <strong>Giona Rossetto <\/strong>cun<strong> Lorenzo Maria Angelin\u00a0<\/strong> &#8211; <strong>Caterina Erica Shanta<\/strong> cun <strong>Davide Macor<\/strong> &#8211; <strong>Pierluigi Slis <\/strong> con<strong> Pierangelo Zanco<\/strong> e <strong>Joshua Slis Sorge<\/strong> &#8211; <strong>Arianna Ellero <\/strong>cun<strong> Carlo Costntini <\/strong>e<strong> Mattia Cuttini<\/strong><\/p>\n<p>Par cure di <strong>Michele Bazzana<\/strong><\/p>\n<p>h 8.00 &#8211; E scomence l\u2019aventure<br \/>\nh 17.30 &#8211; Presentazion da lis instalazions<br \/>\nh 18.00 &#8211; Votazion popol\u00e2r e premiazion<\/p>\n<p>Cheste gare artistiche cun scjadence bien\u00e2l e je un event unic tal panorame regjon\u00e2l. S\u00ees scuadris di artiscj si metin in z\u00fbc cun estri creat\u00eef e spirt ludic par realiz\u00e2 ancjetantis oparis site specific, doprant dome i materi\u00e2i di scart ch\u2019a son tal curt\u00eel colonic: ogjets di materi\u00e2i difarents, fier vecjo, cartons e plexiglas, plastiche, struturis di len.<br \/>\nIl public al deventar\u00e0 jurie popol\u00e2r par pandi il verdet midiant da lis schedis di pueste.<\/p>\n","protected":false},"excerpt":{"rendered":"<p>Gare artistiche <\/p>\n","protected":false},"author":3,"featured_media":0,"comment_status":"open","ping_status":"open","sticky":false,"template":"","format":"standard","meta":[],"categories":[13],"tags":[],"acf":[],"_links":{"self":[{"href":"https:\/\/colonos.it\/furlan\/wp-json\/wp\/v2\/posts\/8513"}],"collection":[{"href":"https:\/\/colonos.it\/furlan\/wp-json\/wp\/v2\/posts"}],"about":[{"href":"https:\/\/colonos.it\/furlan\/wp-json\/wp\/v2\/types\/post"}],"author":[{"embeddable":true,"href":"https:\/\/colonos.it\/furlan\/wp-json\/wp\/v2\/users\/3"}],"replies":[{"embeddable":true,"href":"https:\/\/colonos.it\/furlan\/wp-json\/wp\/v2\/comments?post=8513"}],"version-history":[{"count":22,"href":"https:\/\/colonos.it\/furlan\/wp-json\/wp\/v2\/posts\/8513\/revisions"}],"predecessor-version":[{"id":8786,"href":"https:\/\/colonos.it\/furlan\/wp-json\/wp\/v2\/posts\/8513\/revisions\/8786"}],"wp:attachment":[{"href":"https:\/\/colonos.it\/furlan\/wp-json\/wp\/v2\/media?parent=8513"}],"wp:term":[{"taxonomy":"category","embeddable":true,"href":"https:\/\/colonos.it\/furlan\/wp-json\/wp\/v2\/categories?post=8513"},{"taxonomy":"post_tag","embeddable":true,"href":"https:\/\/colonos.it\/furlan\/wp-json\/wp\/v2\/tags?post=8513"}],"curies":[{"name":"wp","href":"https:\/\/api.w.org\/{rel}","templated":true}]}}