{"id":8489,"date":"2025-07-11T14:26:57","date_gmt":"2025-07-11T12:26:57","guid":{"rendered":"https:\/\/colonos.it\/?p=8489"},"modified":"2025-08-06T14:19:27","modified_gmt":"2025-08-06T12:19:27","slug":"strumirs-e-zambarlans","status":"publish","type":"post","link":"https:\/\/colonos.it\/furlan\/strumirs-e-zambarlans\/","title":{"rendered":"Strum\u00eers e zambarlans"},"content":{"rendered":"<p>di <strong>Alviero Negro<\/strong><\/p>\n<p>Adatament dramaturgjic e regjie di <strong>Ferruccio Merisi<\/strong><br \/>\nMusichis di <strong>Marco Maiero<\/strong><br \/>\nCostums <strong>Emmanuela Cossar<\/strong> &#8211; Stadttheater Klagenfurt<br \/>\nSenis <strong>Claudio<\/strong> e <strong>Andrea Mezzelani <\/strong><br \/>\nSun <strong>Carlo Gris<\/strong><\/p>\n<p>Cun: <strong>Paola Aiello<\/strong>, <strong>Manuel Buttus<\/strong>, <strong>Serena Costalunga<\/strong>, <strong>Flavio D\u2019Andrea<\/strong>, <strong>Maurizio Fanin<\/strong>, <strong>Alessandro Maione<\/strong>, <strong>Paolo Mutti<\/strong>, <strong>Nicoletta Oscuro<\/strong>, <strong>Jacopo Pittino<\/strong>, <strong>Federico Scridel<\/strong><\/p>\n<p>C\u00f4r: <strong>Juliana Azevedo<\/strong>, <strong>Caterina Di Biaggio<\/strong>, <strong>Laura Giavon<\/strong>, <strong>Alba Nacinovich<\/strong>, <strong>Danilo Favret<\/strong>, <strong>Stefano Monino<\/strong>, <strong>Pierluigi Manzoni<\/strong>, <strong>Simone Zolett<\/strong><\/p>\n<p>Produzion <strong>Teatri Stabil Furlan<\/strong><\/p>\n<p>S\u2019al pl\u00fbf, Teatri Plinio Clabassi di Sedean<\/p>\n<p>Un dai aut\u00f4rs furlans plui ispir\u00e2ts dal impegn civ\u00eel al conte la rivolte plui popol\u00e2r e tragjiche dal Rinassiment talian, che e je jentrade ta la storie come la \u201ccrudel zobia grassa\u201d: lis violencis dal 1511 che, da la cit\u00e2t di Udin a si son slargjadis pardut il Fri\u00fbl cun massacris e sacs in dam da la nobilt\u00e2t loc\u00e2l, za dividude in d\u00f4s fazions in lote, in part cui venezians, in part cui Asburcs. Tal test a son contrapon\u00fbts la classe nobili\u00e2r e il sotproletari\u00e2t rur\u00e2l. Di une bande, a vegnin analizadis lis tramis dal pod\u00ea nobili\u00e2r tal contest aministrat\u00eef e ta la temude situazion di pericul par la invasion foreste, di ch\u00ea altre si evidenzie cem\u00fbt che lis personis a restin esclududis da la storie, patint forsit nome lis consecuencis.<\/p>\n","protected":false},"excerpt":{"rendered":"<p>Spetacul<\/p>\n","protected":false},"author":3,"featured_media":8589,"comment_status":"open","ping_status":"open","sticky":false,"template":"","format":"standard","meta":[],"categories":[13],"tags":[],"acf":[],"_links":{"self":[{"href":"https:\/\/colonos.it\/furlan\/wp-json\/wp\/v2\/posts\/8489"}],"collection":[{"href":"https:\/\/colonos.it\/furlan\/wp-json\/wp\/v2\/posts"}],"about":[{"href":"https:\/\/colonos.it\/furlan\/wp-json\/wp\/v2\/types\/post"}],"author":[{"embeddable":true,"href":"https:\/\/colonos.it\/furlan\/wp-json\/wp\/v2\/users\/3"}],"replies":[{"embeddable":true,"href":"https:\/\/colonos.it\/furlan\/wp-json\/wp\/v2\/comments?post=8489"}],"version-history":[{"count":9,"href":"https:\/\/colonos.it\/furlan\/wp-json\/wp\/v2\/posts\/8489\/revisions"}],"predecessor-version":[{"id":8753,"href":"https:\/\/colonos.it\/furlan\/wp-json\/wp\/v2\/posts\/8489\/revisions\/8753"}],"wp:featuredmedia":[{"embeddable":true,"href":"https:\/\/colonos.it\/furlan\/wp-json\/wp\/v2\/media\/8589"}],"wp:attachment":[{"href":"https:\/\/colonos.it\/furlan\/wp-json\/wp\/v2\/media?parent=8489"}],"wp:term":[{"taxonomy":"category","embeddable":true,"href":"https:\/\/colonos.it\/furlan\/wp-json\/wp\/v2\/categories?post=8489"},{"taxonomy":"post_tag","embeddable":true,"href":"https:\/\/colonos.it\/furlan\/wp-json\/wp\/v2\/tags?post=8489"}],"curies":[{"name":"wp","href":"https:\/\/api.w.org\/{rel}","templated":true}]}}