{"id":8480,"date":"2025-07-09T15:49:16","date_gmt":"2025-07-09T13:49:16","guid":{"rendered":"https:\/\/colonos.it\/?p=8480"},"modified":"2025-07-14T15:43:17","modified_gmt":"2025-07-14T13:43:17","slug":"lingua-mater","status":"publish","type":"post","link":"https:\/\/colonos.it\/furlan\/lingua-mater\/","title":{"rendered":"Lingua mater"},"content":{"rendered":"<p>(\u2602\ufe0e la sere dopo)<\/p>\n<p>Documentari di <strong>Massimo Garlatti Costa<\/strong><br \/>\nUne coproduzion <strong>Belka Media<\/strong> e <strong>Raja Films<\/strong><\/p>\n<p>Al introd\u00fbs <strong>Giulio Pagotto<\/strong>, in dialic cul aut\u00f4r<\/p>\n<p>Devant dal grant pericul di omologazion o scancelazion che dutis lis lenghis, plui pi\u00e7ulis o mancul, a son da\u00fbr a front\u00e2 in chest moment storic, intun mosaic color\u00e2t di intervistis e emozions cjapadis s\u00f9 in s\u00ees agns di ricercjis e via\u00e7s \u2013 da l\u2019Europe a l\u2019Afriche e al Sud Americhe \u2013 il documentari al esplore i sentiments le\u00e2ts a la lenghe mari da lis personis e a la lote da lis comunit\u00e2ts par la sorevivence da lis lenghis minoritariis, ch\u00eas leadis al afiet, lant da\u00fbr da lis rotis comerci\u00e2ls da lis n\u00e2fs grandononis che a scjavacin m\u00e2rs e oceans e a coleghin puarts e popui. Il via\u00e7 al fin\u00ecs a Buenos Aires, intune comunit\u00e2t cetant pi\u00e7ule ma cetant ative di furlans ch\u2019a cirin di mantign\u00ee vive la l\u00f4r lenghe e la l\u00f4r culture.<\/p>\n","protected":false},"excerpt":{"rendered":"<p>Video<\/p>\n","protected":false},"author":3,"featured_media":0,"comment_status":"open","ping_status":"open","sticky":false,"template":"","format":"standard","meta":[],"categories":[13],"tags":[],"acf":[],"_links":{"self":[{"href":"https:\/\/colonos.it\/furlan\/wp-json\/wp\/v2\/posts\/8480"}],"collection":[{"href":"https:\/\/colonos.it\/furlan\/wp-json\/wp\/v2\/posts"}],"about":[{"href":"https:\/\/colonos.it\/furlan\/wp-json\/wp\/v2\/types\/post"}],"author":[{"embeddable":true,"href":"https:\/\/colonos.it\/furlan\/wp-json\/wp\/v2\/users\/3"}],"replies":[{"embeddable":true,"href":"https:\/\/colonos.it\/furlan\/wp-json\/wp\/v2\/comments?post=8480"}],"version-history":[{"count":3,"href":"https:\/\/colonos.it\/furlan\/wp-json\/wp\/v2\/posts\/8480\/revisions"}],"predecessor-version":[{"id":8709,"href":"https:\/\/colonos.it\/furlan\/wp-json\/wp\/v2\/posts\/8480\/revisions\/8709"}],"wp:attachment":[{"href":"https:\/\/colonos.it\/furlan\/wp-json\/wp\/v2\/media?parent=8480"}],"wp:term":[{"taxonomy":"category","embeddable":true,"href":"https:\/\/colonos.it\/furlan\/wp-json\/wp\/v2\/categories?post=8480"},{"taxonomy":"post_tag","embeddable":true,"href":"https:\/\/colonos.it\/furlan\/wp-json\/wp\/v2\/tags?post=8480"}],"curies":[{"name":"wp","href":"https:\/\/api.w.org\/{rel}","templated":true}]}}