{"id":8472,"date":"2025-07-11T14:22:24","date_gmt":"2025-07-11T12:22:24","guid":{"rendered":"https:\/\/colonos.it\/?p=8472"},"modified":"2025-07-15T15:35:57","modified_gmt":"2025-07-15T13:35:57","slug":"cjantade-pal-cid","status":"publish","type":"post","link":"https:\/\/colonos.it\/furlan\/cjantade-pal-cid\/","title":{"rendered":"Cjantade pal Cid"},"content":{"rendered":"<p><span style=\"font-size: 22px;\">Slan\u00e7s di libert\u00e2t pai d\u00ees ch\u2019a vignar\u00e0n<\/span><\/p>\n<p>Cun <strong>Danilo De Marco<\/strong>, <strong>Angelo Floramo<\/strong>, <strong>Massimo Somaglino<\/strong><br \/>\nArmoniche <strong>Paolo Forte<\/strong><br \/>\nCoro <strong>Nicoletta Taricani<\/strong>, <strong>Caterina De Biaggio<\/strong>, <strong>Michela Franceschina<\/strong>, <strong>Chiara Di Gleria<\/strong><br \/>\nComposizion e rangjament music\u00e2l <strong>Nicoletta Taricani<\/strong><br \/>\nFotografiis <strong>Danilo De Marco<\/strong><br \/>\nMonta\u00e7 video <strong>Andrea Trangoni<\/strong><br \/>\nRegjie <strong>Massimo Somaglino<\/strong><\/p>\n<p>In colaborazion cul Festival vicino\/lontano<\/p>\n<p>h 22.30<br \/>\nInaugurazion da la mostre artistiche coletive \u201cOltris\u201d.<br \/>\nPresentazion di Angelo Floramo<\/p>\n<p>h 19.30 &#8211; 23.30 Fast Mood: servizi #fastfood di cualit\u00e2t<\/p>\n<p>Cont\u00e2 di un ch\u2019al jere st\u00e2t mestri cence domand\u00e2lu, e al jere st\u00e2t a dispiet so, par ch\u00ea plee che la vite cualchi volte nus oblee, nol \u00e8 facil. Nol \u00e8 scont\u00e2t. Alore o vin pens\u00e2t che la robe mi\u00f4r e fos ch\u00ea di lass\u00e2 fevel\u00e2 lui. Cem\u00fbt cui? Lui, il Cid in persone. Il test al nas di un confront meticol\u00f4s di chei fru\u00e7ons. Ju vin met\u00fbts j\u00f9 come tessaris di un mosaic, cun pazience e cun atenzion, in ponte di p\u00eets, cun rispiet e pud\u00f4r. Ch\u00eas altris peraulis che dutune cun chestis a intiessin telis di dubis, di reminissencis, di ricuarts, di emozions, a son ch\u00eas di Danilo. Che intune maniere ide\u00e2l al fevele cun chel mestri. Lu clame, lu interoghe. No par ilumin\u00e2 il timp ch\u2019al \u00e8 fu\u00eet, ma chest nestri ach\u00ec, dramatic e cence sperance. (Angelo Floramo)<\/p>\n","protected":false},"excerpt":{"rendered":"<p>Incuintri-testemoneance | mostre<\/p>\n","protected":false},"author":3,"featured_media":0,"comment_status":"open","ping_status":"open","sticky":false,"template":"","format":"standard","meta":[],"categories":[13],"tags":[],"acf":[],"_links":{"self":[{"href":"https:\/\/colonos.it\/furlan\/wp-json\/wp\/v2\/posts\/8472"}],"collection":[{"href":"https:\/\/colonos.it\/furlan\/wp-json\/wp\/v2\/posts"}],"about":[{"href":"https:\/\/colonos.it\/furlan\/wp-json\/wp\/v2\/types\/post"}],"author":[{"embeddable":true,"href":"https:\/\/colonos.it\/furlan\/wp-json\/wp\/v2\/users\/3"}],"replies":[{"embeddable":true,"href":"https:\/\/colonos.it\/furlan\/wp-json\/wp\/v2\/comments?post=8472"}],"version-history":[{"count":12,"href":"https:\/\/colonos.it\/furlan\/wp-json\/wp\/v2\/posts\/8472\/revisions"}],"predecessor-version":[{"id":8731,"href":"https:\/\/colonos.it\/furlan\/wp-json\/wp\/v2\/posts\/8472\/revisions\/8731"}],"wp:attachment":[{"href":"https:\/\/colonos.it\/furlan\/wp-json\/wp\/v2\/media?parent=8472"}],"wp:term":[{"taxonomy":"category","embeddable":true,"href":"https:\/\/colonos.it\/furlan\/wp-json\/wp\/v2\/categories?post=8472"},{"taxonomy":"post_tag","embeddable":true,"href":"https:\/\/colonos.it\/furlan\/wp-json\/wp\/v2\/tags?post=8472"}],"curies":[{"name":"wp","href":"https:\/\/api.w.org\/{rel}","templated":true}]}}