{"id":8457,"date":"2025-07-11T14:10:49","date_gmt":"2025-07-11T12:10:49","guid":{"rendered":"https:\/\/colonos.it\/?p=8457"},"modified":"2025-07-14T15:38:01","modified_gmt":"2025-07-14T13:38:01","slug":"furlans-pal-mont","status":"publish","type":"post","link":"https:\/\/colonos.it\/furlan\/furlans-pal-mont\/","title":{"rendered":"Furlans pal mont"},"content":{"rendered":"<p><span style=\"font-size: 22px;\">Comedie music\u00e2l in 3 ats di <strong>Rodolfo Kubik<\/strong><\/span><br \/>\n(\u2602\ufe0e la sere dopo)<\/p>\n<p><strong>Coro SAF-CAI<\/strong> di Udin<br \/>\n<strong>Coro Prime T\u00f4r<\/strong> di Glemone dal Fri\u00fbl<br \/>\n<strong>Coro Alpe Adria<\/strong> di Trep Grant<\/p>\n<p>Orchestre formade dai zovins arl\u00eafs di:<br \/>\nOrchestre fl\u00e2ts da l&#8217;associazion <strong>Armonie Aps<\/strong><br \/>\n<strong>LAB Orchestre<\/strong> da l&#8217;associazion music\u00e2l Citt\u00e0 di Codroipo e Scuele di Musiche E.M.M.A. di Trep Grant<br \/>\n<strong>Liceu Music\u00e2l Caterina Percoto<\/strong> di Udin<\/p>\n<p>Soliscj<br \/>\n<strong>Martina Candido<\/strong> sopran &#8211; <strong>Eleonora De Liva<\/strong> mie\u00e7sopran &#8211; <strong>Beatrice Di Luzio<\/strong> contralt &#8211; <strong>Angelo Pauletti<\/strong> ten\u00f4r &#8211; <strong>Marco Feltrin<\/strong> ten\u00f4r &#8211; <strong>Fabrizio Zoldan<\/strong> bariton<\/p>\n<p>Mestris dal coro <strong>Enrica Scorza<\/strong>, <strong>Valerio Simonini<\/strong>, <strong>Andrea Toffolini<\/strong> Diret\u00f4r <strong>Leonardo Grimaz<\/strong><\/p>\n<p>E sar\u00e0 presinte <strong>Julieta Kubik<\/strong><\/p>\n<p>Progjet organiz\u00e2t da l\u2019<strong>Associazion music\u00e2l e cultur\u00e2l Armonie APS<\/strong> dutun cul <strong>Centri Studis David Maria Turoldo<\/strong><\/p>\n<p>La passion grande pal cjant furlan, che e \u00e0 compagn\u00e2t la vite dal composid\u00f4r Rodolfo Kubik, e cjate la s\u00f4 espression plui grande in d\u00f4s Oparis par soli, coro e orchestra: Furlans pal mont e Va vilote puartade dal vint. Furlans pal mont e je une opare music\u00e2l furlane fintremai in d\u00ee di vu\u00ea inedite e metude in vore dome tal 1944 a Buenos Aires. La composizion e mostre un spac\u00e2t storic e cultur\u00e2l dal Fri\u00fbl, mediant da la presince di cetancj e sugjest\u00eefs temis popol\u00e2rs. Kubik al aur\u00ecs cun plenis mans tal patrimoni music\u00e2l da lis vilotis: cjants carateriz\u00e2ts di une atenzion profonde tal cjat\u00e2 contat jenfri test e musiche e ta ch\u00ea brame sut\u00eel di \u201ccjant\u00e2\u201d i val\u00f4rs, lis tradizions, e l\u2019intim e si\u00f4r anim popol\u00e2r dal Fri\u00fbl.<\/p>\n","protected":false},"excerpt":{"rendered":"<p>Anteprime Avostanis | Comedie music\u00e2l <\/p>\n","protected":false},"author":3,"featured_media":8576,"comment_status":"open","ping_status":"open","sticky":false,"template":"","format":"standard","meta":[],"categories":[13],"tags":[],"acf":[],"_links":{"self":[{"href":"https:\/\/colonos.it\/furlan\/wp-json\/wp\/v2\/posts\/8457"}],"collection":[{"href":"https:\/\/colonos.it\/furlan\/wp-json\/wp\/v2\/posts"}],"about":[{"href":"https:\/\/colonos.it\/furlan\/wp-json\/wp\/v2\/types\/post"}],"author":[{"embeddable":true,"href":"https:\/\/colonos.it\/furlan\/wp-json\/wp\/v2\/users\/3"}],"replies":[{"embeddable":true,"href":"https:\/\/colonos.it\/furlan\/wp-json\/wp\/v2\/comments?post=8457"}],"version-history":[{"count":11,"href":"https:\/\/colonos.it\/furlan\/wp-json\/wp\/v2\/posts\/8457\/revisions"}],"predecessor-version":[{"id":8706,"href":"https:\/\/colonos.it\/furlan\/wp-json\/wp\/v2\/posts\/8457\/revisions\/8706"}],"wp:featuredmedia":[{"embeddable":true,"href":"https:\/\/colonos.it\/furlan\/wp-json\/wp\/v2\/media\/8576"}],"wp:attachment":[{"href":"https:\/\/colonos.it\/furlan\/wp-json\/wp\/v2\/media?parent=8457"}],"wp:term":[{"taxonomy":"category","embeddable":true,"href":"https:\/\/colonos.it\/furlan\/wp-json\/wp\/v2\/categories?post=8457"},{"taxonomy":"post_tag","embeddable":true,"href":"https:\/\/colonos.it\/furlan\/wp-json\/wp\/v2\/tags?post=8457"}],"curies":[{"name":"wp","href":"https:\/\/api.w.org\/{rel}","templated":true}]}}