{"id":7994,"date":"2025-02-17T14:21:34","date_gmt":"2025-02-17T13:21:34","guid":{"rendered":"https:\/\/colonos.it\/?p=7994"},"modified":"2025-02-17T14:21:34","modified_gmt":"2025-02-17T13:21:34","slug":"fasin-fieste","status":"publish","type":"post","link":"https:\/\/colonos.it\/furlan\/fasin-fieste\/","title":{"rendered":"Fas\u00ecn fieste"},"content":{"rendered":"<p>Incuintri di popui e di culturis<\/p>\n<p>Musichis, performances, col\u00f4rs e sav\u00f4rs puart\u00e2ts dai <strong>imigr\u00e2ts<\/strong> di chenti<\/p>\n<p>Iniziative di solidariet\u00e2t pal dirit di ducj a la sal\u00fbt, par cure da l\u2019associazion &#8220;<strong>Medici contro<\/strong>&#8220;<\/p>\n","protected":false},"excerpt":{"rendered":"<p>Incuintri<\/p>\n","protected":false},"author":3,"featured_media":0,"comment_status":"open","ping_status":"open","sticky":false,"template":"","format":"standard","meta":[],"categories":[13],"tags":[],"acf":[],"_links":{"self":[{"href":"https:\/\/colonos.it\/furlan\/wp-json\/wp\/v2\/posts\/7994"}],"collection":[{"href":"https:\/\/colonos.it\/furlan\/wp-json\/wp\/v2\/posts"}],"about":[{"href":"https:\/\/colonos.it\/furlan\/wp-json\/wp\/v2\/types\/post"}],"author":[{"embeddable":true,"href":"https:\/\/colonos.it\/furlan\/wp-json\/wp\/v2\/users\/3"}],"replies":[{"embeddable":true,"href":"https:\/\/colonos.it\/furlan\/wp-json\/wp\/v2\/comments?post=7994"}],"version-history":[{"count":1,"href":"https:\/\/colonos.it\/furlan\/wp-json\/wp\/v2\/posts\/7994\/revisions"}],"predecessor-version":[{"id":7995,"href":"https:\/\/colonos.it\/furlan\/wp-json\/wp\/v2\/posts\/7994\/revisions\/7995"}],"wp:attachment":[{"href":"https:\/\/colonos.it\/furlan\/wp-json\/wp\/v2\/media?parent=7994"}],"wp:term":[{"taxonomy":"category","embeddable":true,"href":"https:\/\/colonos.it\/furlan\/wp-json\/wp\/v2\/categories?post=7994"},{"taxonomy":"post_tag","embeddable":true,"href":"https:\/\/colonos.it\/furlan\/wp-json\/wp\/v2\/tags?post=7994"}],"curies":[{"name":"wp","href":"https:\/\/api.w.org\/{rel}","templated":true}]}}