{"id":7927,"date":"2025-02-17T11:58:49","date_gmt":"2025-02-17T10:58:49","guid":{"rendered":"https:\/\/colonos.it\/microband-in-grazie-ludwig\/"},"modified":"2025-02-17T12:00:54","modified_gmt":"2025-02-17T11:00:54","slug":"microband-in-grazie-ludwig","status":"publish","type":"post","link":"https:\/\/colonos.it\/furlan\/microband-in-grazie-ludwig\/","title":{"rendered":"Microband in  Grazie Ludwig!"},"content":{"rendered":"<p>Spetacul strument\u00e2l-voc\u00e2l acrobatic e pirotecnic, al limit dal re\u00e2l<br \/>\ncun <strong>Luca Domenicali<\/strong> e <strong>Danilo Maggio<\/strong><\/p>\n","protected":false},"excerpt":{"rendered":"<p>Spetacul<\/p>\n","protected":false},"author":3,"featured_media":0,"comment_status":"open","ping_status":"open","sticky":false,"template":"","format":"standard","meta":[],"categories":[13],"tags":[],"acf":[],"_links":{"self":[{"href":"https:\/\/colonos.it\/furlan\/wp-json\/wp\/v2\/posts\/7927"}],"collection":[{"href":"https:\/\/colonos.it\/furlan\/wp-json\/wp\/v2\/posts"}],"about":[{"href":"https:\/\/colonos.it\/furlan\/wp-json\/wp\/v2\/types\/post"}],"author":[{"embeddable":true,"href":"https:\/\/colonos.it\/furlan\/wp-json\/wp\/v2\/users\/3"}],"replies":[{"embeddable":true,"href":"https:\/\/colonos.it\/furlan\/wp-json\/wp\/v2\/comments?post=7927"}],"version-history":[{"count":2,"href":"https:\/\/colonos.it\/furlan\/wp-json\/wp\/v2\/posts\/7927\/revisions"}],"predecessor-version":[{"id":7929,"href":"https:\/\/colonos.it\/furlan\/wp-json\/wp\/v2\/posts\/7927\/revisions\/7929"}],"wp:attachment":[{"href":"https:\/\/colonos.it\/furlan\/wp-json\/wp\/v2\/media?parent=7927"}],"wp:term":[{"taxonomy":"category","embeddable":true,"href":"https:\/\/colonos.it\/furlan\/wp-json\/wp\/v2\/categories?post=7927"},{"taxonomy":"post_tag","embeddable":true,"href":"https:\/\/colonos.it\/furlan\/wp-json\/wp\/v2\/tags?post=7927"}],"curies":[{"name":"wp","href":"https:\/\/api.w.org\/{rel}","templated":true}]}}