{"id":5542,"date":"2023-07-22T11:48:53","date_gmt":"2023-07-22T09:48:53","guid":{"rendered":"https:\/\/colonos.it\/?p=5542"},"modified":"2024-11-28T12:17:08","modified_gmt":"2024-11-28T11:17:08","slug":"miserere","status":"publish","type":"post","link":"https:\/\/colonos.it\/furlan\/miserere\/","title":{"rendered":"Miserere"},"content":{"rendered":"<p>Anutis in concert<br \/>\nCuartet voc\u00e2l: <strong>Juliana Azevedo<\/strong>, <strong>Caterina De Biaggio<\/strong>, <strong>Laura Giavon<\/strong>, <strong>Alba Nacinovich<\/strong><\/p>\n<p>Musichis da la tradizion popol\u00e2r, di <strong>Giovanna Marini<\/strong> e <strong>Paola Nicolazzi<\/strong><br \/>\nTecniche e foniche<strong> Francesco Blasig <\/strong><\/p>\n<p>\u2614\ufe0e la sere dopo<\/p>\n<p>\u201cParc\u00e8 cjant\u00e2, vu\u00ea, un toc sacri, une poesie, une vergogne, un cjant popol\u00e2r, cuant che il mont nol cjante plui?\u201d Chest al \u00e8 ce che si domande il cuartet di v\u00f4s Anutis ch\u2019al rispuint a v\u00f4s viertis cun tr\u00ea cuadris music\u00e2i dul\u00e0 che misticisim e poesie si misclicin cu la sacralit\u00e2t di monts femin\u00eei. Viers par furlan di Pasolini su musichis di Giovanna Marini, composizions integr\u00e2ls di Marini, l\u2019artigjane da la musiche e da la peraule, e ancjem\u00f2 tra i aut\u00f4rs Belgrado Pedrini e Paola Nicolazzi, in plui cjants da la tradizion or\u00e2l sardegnule, lazi\u00e2l e siciliane. A son il \u201cMiserere di Santu Lussurgiu\u201d, il Stabermater di Blera, il \u201cGloria di Montedoro\u201d a sier\u00e0 come intune suaze tai revocs dal popul, il cuadri sacr\u00e2l di tr\u00ea cjantis ch\u2019a scandain il jessi e l\u2019essence. La domande in viertidure il cuarte le \u00e0 fate a Giovanna Marini, che e \u00e0 rispuind\u00fbt: \u201cChel nol \u00e8 un repertori pierd\u00fbt, al \u00e8 un mont v\u00eef, e ce che lu f\u00e2s v\u00eef al \u00e8 propit la musiche, la fuarce da la musiche. E e je une forme espressive impuartant ch\u2019e riscje di pierdisi, ma fintant che n\u00f4 le cjant\u00ecn, ch\u00ea e je vive. L\u2019impuartant al \u00e8 che si mantegni vive la linfe, ch\u2019e je il contat che la persone e \u00e0 cun ce ch\u2019e sta cjantant\u201d.<\/p>\n","protected":false},"excerpt":{"rendered":"<p>Anutis in concert<\/p>\n","protected":false},"author":3,"featured_media":5629,"comment_status":"open","ping_status":"open","sticky":false,"template":"","format":"standard","meta":[],"categories":[13],"tags":[],"acf":[],"_links":{"self":[{"href":"https:\/\/colonos.it\/furlan\/wp-json\/wp\/v2\/posts\/5542"}],"collection":[{"href":"https:\/\/colonos.it\/furlan\/wp-json\/wp\/v2\/posts"}],"about":[{"href":"https:\/\/colonos.it\/furlan\/wp-json\/wp\/v2\/types\/post"}],"author":[{"embeddable":true,"href":"https:\/\/colonos.it\/furlan\/wp-json\/wp\/v2\/users\/3"}],"replies":[{"embeddable":true,"href":"https:\/\/colonos.it\/furlan\/wp-json\/wp\/v2\/comments?post=5542"}],"version-history":[{"count":3,"href":"https:\/\/colonos.it\/furlan\/wp-json\/wp\/v2\/posts\/5542\/revisions"}],"predecessor-version":[{"id":5631,"href":"https:\/\/colonos.it\/furlan\/wp-json\/wp\/v2\/posts\/5542\/revisions\/5631"}],"wp:featuredmedia":[{"embeddable":true,"href":"https:\/\/colonos.it\/furlan\/wp-json\/wp\/v2\/media\/5629"}],"wp:attachment":[{"href":"https:\/\/colonos.it\/furlan\/wp-json\/wp\/v2\/media?parent=5542"}],"wp:term":[{"taxonomy":"category","embeddable":true,"href":"https:\/\/colonos.it\/furlan\/wp-json\/wp\/v2\/categories?post=5542"},{"taxonomy":"post_tag","embeddable":true,"href":"https:\/\/colonos.it\/furlan\/wp-json\/wp\/v2\/tags?post=5542"}],"curies":[{"name":"wp","href":"https:\/\/api.w.org\/{rel}","templated":true}]}}