{"id":5215,"date":"2023-01-07T15:48:19","date_gmt":"2023-01-07T14:48:19","guid":{"rendered":"https:\/\/colonos.it\/?p=5215"},"modified":"2023-01-13T15:14:09","modified_gmt":"2023-01-13T14:14:09","slug":"anime-in-cros","status":"publish","type":"post","link":"https:\/\/colonos.it\/furlan\/anime-in-cros\/","title":{"rendered":"Anime in cr\u00f4s"},"content":{"rendered":"<p>Scrits di pre Antoni Beline e Agnul Floramo su Pier Paolo Pasolini (2022)<\/p>\n<p>Presentazion dal libri<\/p>\n<p>par cure di<br \/>\n<strong>Angelo Floramo<\/strong> e <strong>Walter Tomada<\/strong><\/p>\n<p>in colaborazion cun<a href=\"https:\/\/www.lapatriedalfriul.org\"><strong>\u00a0La Patrie dal Friul<\/strong><\/a><\/p>\n<p>Ae fin un bon tai di vin cuin\u00e7\u00e2t (brul\u00e8) e un tocut di dol\u00e7 par f\u00e2si i auguriis.<\/p>\n","protected":false},"excerpt":{"rendered":"<p>presentazion dal libri<\/p>\n","protected":false},"author":3,"featured_media":5216,"comment_status":"open","ping_status":"open","sticky":false,"template":"","format":"standard","meta":[],"categories":[33],"tags":[],"acf":[],"_links":{"self":[{"href":"https:\/\/colonos.it\/furlan\/wp-json\/wp\/v2\/posts\/5215"}],"collection":[{"href":"https:\/\/colonos.it\/furlan\/wp-json\/wp\/v2\/posts"}],"about":[{"href":"https:\/\/colonos.it\/furlan\/wp-json\/wp\/v2\/types\/post"}],"author":[{"embeddable":true,"href":"https:\/\/colonos.it\/furlan\/wp-json\/wp\/v2\/users\/3"}],"replies":[{"embeddable":true,"href":"https:\/\/colonos.it\/furlan\/wp-json\/wp\/v2\/comments?post=5215"}],"version-history":[{"count":6,"href":"https:\/\/colonos.it\/furlan\/wp-json\/wp\/v2\/posts\/5215\/revisions"}],"predecessor-version":[{"id":5426,"href":"https:\/\/colonos.it\/furlan\/wp-json\/wp\/v2\/posts\/5215\/revisions\/5426"}],"wp:featuredmedia":[{"embeddable":true,"href":"https:\/\/colonos.it\/furlan\/wp-json\/wp\/v2\/media\/5216"}],"wp:attachment":[{"href":"https:\/\/colonos.it\/furlan\/wp-json\/wp\/v2\/media?parent=5215"}],"wp:term":[{"taxonomy":"category","embeddable":true,"href":"https:\/\/colonos.it\/furlan\/wp-json\/wp\/v2\/categories?post=5215"},{"taxonomy":"post_tag","embeddable":true,"href":"https:\/\/colonos.it\/furlan\/wp-json\/wp\/v2\/tags?post=5215"}],"curies":[{"name":"wp","href":"https:\/\/api.w.org\/{rel}","templated":true}]}}