{"id":2592,"date":"2021-01-02T15:49:58","date_gmt":"2021-01-02T14:49:58","guid":{"rendered":"https:\/\/colonos.it\/\/cirint-lis-olmis-di-tina\/"},"modified":"2024-11-28T12:21:47","modified_gmt":"2024-11-28T11:21:47","slug":"cirint-lis-olmis-di-tina","status":"publish","type":"post","link":"https:\/\/colonos.it\/furlan\/cirint-lis-olmis-di-tina\/","title":{"rendered":"Cirint lis olmis di Tina"},"content":{"rendered":"<p>Par cure e cun GIANNI PIGNAT viazad\u00f4r<\/p>\n<p>Leturis par cure di TULLIA DECECCO<\/p>\n<p>Dia-proiezion<\/p>\n<p>Esposizion di une foto vintage di Tina Modotti<\/p>\n<p>Artiste, inteletu\u00e2l e militante comuniste, Tina Modotti e je stade un persona\u00e7 compl\u00e8s e plen di incjant, insed\u00e2t ta la trame di events internazion\u00e2i burascj\u00f4s.<\/p>\n<p>In chest incuintri Gianni Pignat al documente i risult\u00e2ts da la s\u00f4 lungje ricercje, puartade indenant diretamentri su lis fonts documentariis, lant sul puest in Messic, a Cube, in Spagne e in Russie, scoltant dal v\u00eef i ultins testemonis or\u00e2i. \u201cNol \u00e8 necessari sav\u00ea se la fotografie e je o no une art&#8230; J\u00ea si impon come l\u2019imprest plui incis\u00eef par regjistr\u00e2 la vite re\u00e2l. Di chi al ven il so val\u00f4r documentari, po se a chest si zonte la sensibilit\u00e2t e la acetazion dal argoment trat\u00e2t, ma soredut une idee clare dal puest che si ocupe tal davuelzisi da la storie, o prossumi che il risult\u00e2t al sedi degn di une propie funzion ta la rivoluzion soci\u00e2l\u201d<br \/>\n(Tina Modotti)<\/p>\n","protected":false},"excerpt":{"rendered":"<p>Serade dedicade a Tina Modotti<\/p>\n","protected":false},"author":1,"featured_media":0,"comment_status":"open","ping_status":"open","sticky":false,"template":"","format":"standard","meta":[],"categories":[13],"tags":[],"acf":[],"_links":{"self":[{"href":"https:\/\/colonos.it\/furlan\/wp-json\/wp\/v2\/posts\/2592"}],"collection":[{"href":"https:\/\/colonos.it\/furlan\/wp-json\/wp\/v2\/posts"}],"about":[{"href":"https:\/\/colonos.it\/furlan\/wp-json\/wp\/v2\/types\/post"}],"author":[{"embeddable":true,"href":"https:\/\/colonos.it\/furlan\/wp-json\/wp\/v2\/users\/1"}],"replies":[{"embeddable":true,"href":"https:\/\/colonos.it\/furlan\/wp-json\/wp\/v2\/comments?post=2592"}],"version-history":[{"count":2,"href":"https:\/\/colonos.it\/furlan\/wp-json\/wp\/v2\/posts\/2592\/revisions"}],"predecessor-version":[{"id":2594,"href":"https:\/\/colonos.it\/furlan\/wp-json\/wp\/v2\/posts\/2592\/revisions\/2594"}],"wp:attachment":[{"href":"https:\/\/colonos.it\/furlan\/wp-json\/wp\/v2\/media?parent=2592"}],"wp:term":[{"taxonomy":"category","embeddable":true,"href":"https:\/\/colonos.it\/furlan\/wp-json\/wp\/v2\/categories?post=2592"},{"taxonomy":"post_tag","embeddable":true,"href":"https:\/\/colonos.it\/furlan\/wp-json\/wp\/v2\/tags?post=2592"}],"curies":[{"name":"wp","href":"https:\/\/api.w.org\/{rel}","templated":true}]}}