{"id":2456,"date":"2020-12-28T12:38:20","date_gmt":"2020-12-28T11:38:20","guid":{"rendered":"https:\/\/colonos.it\/\/contro-verso\/"},"modified":"2024-11-28T12:21:57","modified_gmt":"2024-11-28T11:21:57","slug":"contro-verso","status":"publish","type":"post","link":"https:\/\/colonos.it\/furlan\/contro-verso\/","title":{"rendered":"Cuintri-Viers"},"content":{"rendered":"<h2>Inaugurazion da la mostre coletive di art contemporanie<\/h2>\n<p>Par cure di Angelo Bertani<\/p>\n<p>La \u201cVenere degli Stracci\u201d di Michelangelo Pistoletto, e in dialic lis oparis di: Carlo Bach &#8211; Michele Bazzana &#8211; Maria Teresa Onofri &#8211; Paola Pasquaretta &#8211; Anna Pontel &#8211; Daniele Puppi &#8211; Carlo Vidoni<\/p>\n<p>Performance music\u00e2l Andrea Nassivera<\/p>\n<p>Moment convivi\u00e2l<\/p>\n<p>Cu la colaborazion di Cittadellarte &#8211; Fondazione Pistoletto, Comunit\u00e2t di Vilecjasse e Caritas diocesane di Udin<\/p>\n<p>Mostre vierte ta lis seradis di Avostanis, fintremai ai 8 di Setembar<\/p>\n<p>In plui di ch\u00ea ambient\u00e2l, economiche e soci\u00e2l a esist un\u2019altre esigjence di sostignibilit\u00e2t: la sorevivince dal pins\u00eer. Ta l\u2019ete da la comunicazion che no cjape plui dentri la riflession e la domesticazion dal om di bande da lis machinis \u201cinteligjentis\u201d, podaraie sei ancjem\u00f2 une forme di civilt\u00e2t che e calcoledi come s\u00f4 fonde il pins\u00eer tant che val\u00f4r imateri\u00e2l? La Venere degli stracci di Michelangelo Pistoletto, cum\u00f2 ospit dai Colonos, e savar\u00e0 sei un moniment fuart in chel sens, cul so meti in rapuart dialetic la nostalgjie da l\u2019armonie classiche e lis olmis umanissimis ma balarinis dal nestri presint. A dialog\u00e2 cu la Venere degli stracci a saran oparis di siet artiscj residents in regjon. E cuss\u00ec, se l\u2019art e je pardabon une forme intuitive di pins\u00eer, si fevelar\u00e0 ancje da la s\u00f4 sostignibilit\u00e2t cultur\u00e2l istesse, a d\u00ee in sostance di resilience.<\/p>\n<p>Si fasar\u00e0 podopo la publicazion dal catalic, ch\u2019al vignar\u00e0 present\u00e2t al public in sierade.<\/p>\n","protected":false},"excerpt":{"rendered":"<p>Inaugurazion mostre<\/p>\n","protected":false},"author":1,"featured_media":0,"comment_status":"open","ping_status":"open","sticky":false,"template":"","format":"standard","meta":[],"categories":[13],"tags":[],"acf":[],"_links":{"self":[{"href":"https:\/\/colonos.it\/furlan\/wp-json\/wp\/v2\/posts\/2456"}],"collection":[{"href":"https:\/\/colonos.it\/furlan\/wp-json\/wp\/v2\/posts"}],"about":[{"href":"https:\/\/colonos.it\/furlan\/wp-json\/wp\/v2\/types\/post"}],"author":[{"embeddable":true,"href":"https:\/\/colonos.it\/furlan\/wp-json\/wp\/v2\/users\/1"}],"replies":[{"embeddable":true,"href":"https:\/\/colonos.it\/furlan\/wp-json\/wp\/v2\/comments?post=2456"}],"version-history":[{"count":2,"href":"https:\/\/colonos.it\/furlan\/wp-json\/wp\/v2\/posts\/2456\/revisions"}],"predecessor-version":[{"id":2458,"href":"https:\/\/colonos.it\/furlan\/wp-json\/wp\/v2\/posts\/2456\/revisions\/2458"}],"wp:attachment":[{"href":"https:\/\/colonos.it\/furlan\/wp-json\/wp\/v2\/media?parent=2456"}],"wp:term":[{"taxonomy":"category","embeddable":true,"href":"https:\/\/colonos.it\/furlan\/wp-json\/wp\/v2\/categories?post=2456"},{"taxonomy":"post_tag","embeddable":true,"href":"https:\/\/colonos.it\/furlan\/wp-json\/wp\/v2\/tags?post=2456"}],"curies":[{"name":"wp","href":"https:\/\/api.w.org\/{rel}","templated":true}]}}