{"id":2286,"date":"2020-12-28T09:22:21","date_gmt":"2020-12-28T08:22:21","guid":{"rendered":"https:\/\/colonos.it\/\/radice-quadrata-di-crisi\/"},"modified":"2024-11-28T12:22:32","modified_gmt":"2024-11-28T11:22:32","slug":"radice-quadrata-di-crisi","status":"publish","type":"post","link":"https:\/\/colonos.it\/furlan\/radice-quadrata-di-crisi\/","title":{"rendered":"Lidr\u00ees cuadrade di Crisi"},"content":{"rendered":"<h2>Ideis pal avign\u00ee<\/h2>\n<p>Conference par furlan di Sergio Cecotti e Franco Fabbro<\/p>\n<p>Al \u00e8 dal dut cl\u00e2r che l\u2019aspiet economic da la crisi che nus stren\u00e7, bielz\u00e0 di bessole, alarmant, al jentre intune trasformazion plui amplie e profonde, vignude f\u00fbr di un faliment di un model soci\u00e2l insostignibil e cence pussibilit\u00e2t di avign\u00ee. Albert Einstein al \u00e0 v\u00fbt dit che \u201cla crisi e je la robe mi\u00f4r ch\u2019e podedi capit\u00e2 a personis e pa\u00ees int\u00eers, parc\u00e8 ch\u2019e je propit la crisi a puart\u00e2 il progr\u00e8s. La creativit\u00e2t e nas da l\u2019ansime, come che il d\u00ec al nas da la gnot scure\u201d. Cem\u00fbt front\u00e2 dutc\u00e2s cheste sfide? Lu vin domand\u00e2t a doi sienzi\u00e2ts furlans di innomine internazion\u00e2l: Sergio Cecotti, fisic teoric, e Franco Fabbro, neuropsicolic.<\/p>\n","protected":false},"excerpt":{"rendered":"<p>Conference par furlan<\/p>\n","protected":false},"author":1,"featured_media":0,"comment_status":"open","ping_status":"open","sticky":false,"template":"","format":"standard","meta":[],"categories":[13],"tags":[],"acf":[],"_links":{"self":[{"href":"https:\/\/colonos.it\/furlan\/wp-json\/wp\/v2\/posts\/2286"}],"collection":[{"href":"https:\/\/colonos.it\/furlan\/wp-json\/wp\/v2\/posts"}],"about":[{"href":"https:\/\/colonos.it\/furlan\/wp-json\/wp\/v2\/types\/post"}],"author":[{"embeddable":true,"href":"https:\/\/colonos.it\/furlan\/wp-json\/wp\/v2\/users\/1"}],"replies":[{"embeddable":true,"href":"https:\/\/colonos.it\/furlan\/wp-json\/wp\/v2\/comments?post=2286"}],"version-history":[{"count":1,"href":"https:\/\/colonos.it\/furlan\/wp-json\/wp\/v2\/posts\/2286\/revisions"}],"predecessor-version":[{"id":2287,"href":"https:\/\/colonos.it\/furlan\/wp-json\/wp\/v2\/posts\/2286\/revisions\/2287"}],"wp:attachment":[{"href":"https:\/\/colonos.it\/furlan\/wp-json\/wp\/v2\/media?parent=2286"}],"wp:term":[{"taxonomy":"category","embeddable":true,"href":"https:\/\/colonos.it\/furlan\/wp-json\/wp\/v2\/categories?post=2286"},{"taxonomy":"post_tag","embeddable":true,"href":"https:\/\/colonos.it\/furlan\/wp-json\/wp\/v2\/tags?post=2286"}],"curies":[{"name":"wp","href":"https:\/\/api.w.org\/{rel}","templated":true}]}}