{"id":2244,"date":"2020-12-28T09:06:57","date_gmt":"2020-12-28T08:06:57","guid":{"rendered":"https:\/\/colonos.it\/\/canti-e-danze-la-villotta-friulana\/"},"modified":"2024-11-28T12:22:42","modified_gmt":"2024-11-28T11:22:42","slug":"canti-e-danze-la-villotta-friulana","status":"publish","type":"post","link":"https:\/\/colonos.it\/furlan\/canti-e-danze-la-villotta-friulana\/","title":{"rendered":"Cjantis e danzis (la vilote furlane)"},"content":{"rendered":"<p>Concert cun Lino Straulino cister, tamb\u00fbr altadriatic, bogul, gudu-gudu, argagns e v\u00f4s<br \/>\ne Stefano Montello argagns e v\u00f4s<\/p>\n<p>Progjet Integr\u00e2t Culture dal fri\u00fbl di mie\u00e7 par Musica in Villa in colaborazion cui Colonos<\/p>\n<p>Une ricercje storic-strument\u00e2l gnove e di atrat su la vilote furlane: da lis s\u00f4s origjins a lis s\u00f4s particolarit\u00e2ts e carateristichis, di cem\u00fbt che si \u00e8 svilupade dal cjant patriarcjin aquilei\u00eas, ancjem\u00f2 plen di sugjestions medi-orient\u00e2ls, a cem\u00fbt che si \u00e0 afermade tra il popul, soredut tra i contadins, che le \u00e0n coloride e caraterizade mediant di tescj di grande bielece le\u00e2ts cui temis dal pass\u00e2 vie da la vite di ogni d\u00ec. Dut al \u00e8 compagn\u00e2t dal sun di struments ant\u00eecs, simpri di origjin contadine, come il cister, cetant compagn a le \u201cgodine\u201d sunade di Ermes di Color\u00eat, il \u201cbogul\u201d (torotele) e il \u201cgudu-gudu\u201d (tamb\u00fbr cu la frizion).<\/p>\n","protected":false},"excerpt":{"rendered":"<p>Concert<\/p>\n","protected":false},"author":1,"featured_media":0,"comment_status":"open","ping_status":"open","sticky":false,"template":"","format":"standard","meta":[],"categories":[13],"tags":[],"acf":[],"_links":{"self":[{"href":"https:\/\/colonos.it\/furlan\/wp-json\/wp\/v2\/posts\/2244"}],"collection":[{"href":"https:\/\/colonos.it\/furlan\/wp-json\/wp\/v2\/posts"}],"about":[{"href":"https:\/\/colonos.it\/furlan\/wp-json\/wp\/v2\/types\/post"}],"author":[{"embeddable":true,"href":"https:\/\/colonos.it\/furlan\/wp-json\/wp\/v2\/users\/1"}],"replies":[{"embeddable":true,"href":"https:\/\/colonos.it\/furlan\/wp-json\/wp\/v2\/comments?post=2244"}],"version-history":[{"count":1,"href":"https:\/\/colonos.it\/furlan\/wp-json\/wp\/v2\/posts\/2244\/revisions"}],"predecessor-version":[{"id":2245,"href":"https:\/\/colonos.it\/furlan\/wp-json\/wp\/v2\/posts\/2244\/revisions\/2245"}],"wp:attachment":[{"href":"https:\/\/colonos.it\/furlan\/wp-json\/wp\/v2\/media?parent=2244"}],"wp:term":[{"taxonomy":"category","embeddable":true,"href":"https:\/\/colonos.it\/furlan\/wp-json\/wp\/v2\/categories?post=2244"},{"taxonomy":"post_tag","embeddable":true,"href":"https:\/\/colonos.it\/furlan\/wp-json\/wp\/v2\/tags?post=2244"}],"curies":[{"name":"wp","href":"https:\/\/api.w.org\/{rel}","templated":true}]}}