{"id":2010,"date":"2020-12-24T09:26:21","date_gmt":"2020-12-24T08:26:21","guid":{"rendered":"https:\/\/colonos.it\/\/conversazione-con-philip-groning\/"},"modified":"2024-11-28T12:23:53","modified_gmt":"2024-11-28T11:23:53","slug":"conversazione-con-philip-groning","status":"publish","type":"post","link":"https:\/\/colonos.it\/furlan\/conversazione-con-philip-groning\/","title":{"rendered":"Conversazion cun Philip Gr\u00f6ning"},"content":{"rendered":"<p>Incuintri cul regjist dal film<\/p>\n<h2>\u201cIl grande silenzio\u201d<\/h2>\n<p>\u201cL\u2019armonie e la bielece a son segn\u00e2i di alc che al va oltri. Cuant che o jeri pi\u00e7ul mi cjacaravin di colpis e pecj\u00e2ts. Pai munics a son concets f\u00fbr di scuare, la l\u00f4r contentece e je tal bandon\u00e2si in Diu, e je la percezion profonde da la Gracie\u201d<\/p>\n<p>Lic\u00f4r dai Fraris proferit da la Liquoreria Friulana<\/p>\n<p>&nbsp;<\/p>\n","protected":false},"excerpt":{"rendered":"<p>Incuintri cul regjist dal film \u201cIl grande silenzio\u201d<\/p>\n","protected":false},"author":1,"featured_media":0,"comment_status":"open","ping_status":"open","sticky":false,"template":"","format":"standard","meta":[],"categories":[13],"tags":[],"acf":[],"_links":{"self":[{"href":"https:\/\/colonos.it\/furlan\/wp-json\/wp\/v2\/posts\/2010"}],"collection":[{"href":"https:\/\/colonos.it\/furlan\/wp-json\/wp\/v2\/posts"}],"about":[{"href":"https:\/\/colonos.it\/furlan\/wp-json\/wp\/v2\/types\/post"}],"author":[{"embeddable":true,"href":"https:\/\/colonos.it\/furlan\/wp-json\/wp\/v2\/users\/1"}],"replies":[{"embeddable":true,"href":"https:\/\/colonos.it\/furlan\/wp-json\/wp\/v2\/comments?post=2010"}],"version-history":[{"count":1,"href":"https:\/\/colonos.it\/furlan\/wp-json\/wp\/v2\/posts\/2010\/revisions"}],"predecessor-version":[{"id":2011,"href":"https:\/\/colonos.it\/furlan\/wp-json\/wp\/v2\/posts\/2010\/revisions\/2011"}],"wp:attachment":[{"href":"https:\/\/colonos.it\/furlan\/wp-json\/wp\/v2\/media?parent=2010"}],"wp:term":[{"taxonomy":"category","embeddable":true,"href":"https:\/\/colonos.it\/furlan\/wp-json\/wp\/v2\/categories?post=2010"},{"taxonomy":"post_tag","embeddable":true,"href":"https:\/\/colonos.it\/furlan\/wp-json\/wp\/v2\/tags?post=2010"}],"curies":[{"name":"wp","href":"https:\/\/api.w.org\/{rel}","templated":true}]}}