{"id":1981,"date":"2020-12-23T18:26:34","date_gmt":"2020-12-23T17:26:34","guid":{"rendered":"https:\/\/colonos.it\/\/viac-tai-lucs-di-menocchio\/"},"modified":"2024-11-28T12:24:26","modified_gmt":"2024-11-28T11:24:26","slug":"viac-tai-lucs-di-menocchio","status":"publish","type":"post","link":"https:\/\/colonos.it\/furlan\/viac-tai-lucs-di-menocchio\/","title":{"rendered":"Via\u00e7 tai l\u00fbcs di Menocchio"},"content":{"rendered":"<p>Partence di Glemone cun destinazion Montre\u00e2l e Mani\u00e0<\/p>\n<p>par cure da lis associazions cultur\u00e2ls:<br \/>\nEL TOM\u00c2T di Buie<br \/>\nPENSE E MARAVEE di Glemone<br \/>\nCIRCOLO MENOCCHIO di Montre\u00e2l<br \/>\nI COLONOS<br \/>\nVia\u00e7 cul tren di lunc vie da la ferade ai p\u00ees da la mont, traviersant \u201ctieris di mie\u00e7\u201d che a son un spetacul fra montagne e planure, storie e nature, lis aghis dal Tiliment e lis gravis, par riv\u00e2 ta la tiere di Menocchio, mulin\u00e2r eretic del \u2018600, compagn\u00e2ts di Aldo Colonnello e Rosanna Bertoja.<\/p>\n<p>Presentazion in anteprime dal libri \u201cItinerario d\u2019amore e di ferrovie pedemontane\u201d di Elio Bartolini.<\/p>\n<p>Lis prenotazions si fasin l\u00ec dai Colonos inta lis seradis di Avostanis<\/p>\n","protected":false},"excerpt":{"rendered":"<p>Partence di Glemone cun destinazion Montre\u00e2l e Mani\u00e0<\/p>\n","protected":false},"author":1,"featured_media":0,"comment_status":"open","ping_status":"open","sticky":false,"template":"","format":"standard","meta":[],"categories":[13],"tags":[],"acf":[],"_links":{"self":[{"href":"https:\/\/colonos.it\/furlan\/wp-json\/wp\/v2\/posts\/1981"}],"collection":[{"href":"https:\/\/colonos.it\/furlan\/wp-json\/wp\/v2\/posts"}],"about":[{"href":"https:\/\/colonos.it\/furlan\/wp-json\/wp\/v2\/types\/post"}],"author":[{"embeddable":true,"href":"https:\/\/colonos.it\/furlan\/wp-json\/wp\/v2\/users\/1"}],"replies":[{"embeddable":true,"href":"https:\/\/colonos.it\/furlan\/wp-json\/wp\/v2\/comments?post=1981"}],"version-history":[{"count":1,"href":"https:\/\/colonos.it\/furlan\/wp-json\/wp\/v2\/posts\/1981\/revisions"}],"predecessor-version":[{"id":1982,"href":"https:\/\/colonos.it\/furlan\/wp-json\/wp\/v2\/posts\/1981\/revisions\/1982"}],"wp:attachment":[{"href":"https:\/\/colonos.it\/furlan\/wp-json\/wp\/v2\/media?parent=1981"}],"wp:term":[{"taxonomy":"category","embeddable":true,"href":"https:\/\/colonos.it\/furlan\/wp-json\/wp\/v2\/categories?post=1981"},{"taxonomy":"post_tag","embeddable":true,"href":"https:\/\/colonos.it\/furlan\/wp-json\/wp\/v2\/tags?post=1981"}],"curies":[{"name":"wp","href":"https:\/\/api.w.org\/{rel}","templated":true}]}}